{"id":8596,"date":"2019-08-28T15:27:00","date_gmt":"2019-08-28T13:27:00","guid":{"rendered":"https:\/\/www.manicdepression.fr\/les-tetines-noires-concerts-les-tetines-noires-concerts\/"},"modified":"2020-03-31T14:07:50","modified_gmt":"2020-03-31T12:07:50","slug":"les-tetines-noires-concerts-les-tetines-noires-concerts","status":"publish","type":"post","link":"https:\/\/www.manicdepression.fr\/en\/les-tetines-noires-concerts-les-tetines-noires-concerts\/","title":{"rendered":"Les T\u00e9tines Noires : Concerts"},"content":{"rendered":"<p class=\"qtranxs-available-languages-message qtranxs-available-languages-message-en\"> <\/p>NOV 24:\u00a0 The Young Gods + Les T\u00e9tines Noires &#8211; <a href=\"https:\/\/www.facebook.com\/events\/367884464050318\/\" target=\"_blank\" rel=\"noopener noreferrer\">La Machine du Moulin Rouge<\/a> (Paris) (<a href=\"https:\/\/www.digitick.com\/d\/event\/the-young-gods-les-t-tines-noires-la-machine-du-moulin-rouge\/la-machine-du-moulin-rouge\/6083813\" target=\"_blank\" rel=\"noopener noreferrer\">Tickets<\/a>)<\/p>\n<p>NOV 15: Les T\u00e9tines Noires + Alk-A-Line &#8211; <a href=\"https:\/\/www.facebook.com\/events\/383004229284078\/\" target=\"_blank\" rel=\"noopener noreferrer\">L&#8217;Entrep\u00f4t<\/a> Arlon (B)<\/p>\n<p>NOV. 14 <a class=\"profileLink\" href=\"https:\/\/www.facebook.com\/events\/468950687069503\/?acontext=%7B%22source%22%3A3%2C%22source_newsfeed_story_type%22%3A%22regular%22%2C%22action_history%22%3A%22%5B%7B%5C%22surface%5C%22%3A%5C%22newsfeed%5C%22%2C%5C%22mechanism%5C%22%3A%5C%22feed_story%5C%22%2C%5C%22extra_data%5C%22%3A%5B%5D%7D%5D%22%2C%22has_source%22%3Atrue%7D&amp;source=3&amp;source_newsfeed_story_type=regular&amp;action_history=%5B%7B%22surface%22%3A%22newsfeed%22%2C%22mechanism%22%3A%22feed_story%22%2C%22extra_data%22%3A%5B%5D%7D%5D&amp;has_source=1&amp;__tn__=K-R&amp;eid=ARA3yFAubT6qAAICNnNmvjWuQ9m6eSsRyfHEjo5STyzP3yTQZYOMr6fLSA5whv5dwncaRbbTCfObccq1&amp;fref=mentions&amp;__xts__%5B0%5D=68.ARBO-N_ZHoC0pygX-5jp0EuXG5woJlvluVsV-RtlJ3apHlF4hFvBX_D33LhQIsvXqp8D1L9DeFtZRb_-cQjMT8SQ4E69tBNKyR-ZT-FNfHgJ1i_DM0VnpkP9KBUzn_UtpWW-k-s1MQHqMCGEyQTKqCInuo-Iv4pfNdeznLdqnP1jiEi0wvcRvGuJGEk4Pcxd7_FdAqA9T52At1FnsE55UeknCalLpSVT3dY9offoyQ0OVDcX8GSVTS-T9Zki-nfxP5djuVQH9UUiwBt4nluxjhf0RBl8oRAP6GfLUriL2QfVWJx8U1Y4Q2jdC8-7ErJy\" data-hovercard=\"\/ajax\/hovercard\/event.php?id=468950687069503&amp;extragetparams=%7B%22source%22%3A3%2C%22source_newsfeed_story_type%22%3A%22regular%22%2C%22action_history%22%3A%22%5B%7B%5C%22surface%5C%22%3A%5C%22newsfeed%5C%22%2C%5C%22mechanism%5C%22%3A%5C%22feed_story%5C%22%2C%5C%22extra_data%5C%22%3A%5B%5D%7D%5D%22%2C%22has_source%22%3Atrue%2C%22__tn__%22%3A%22%2CdK-R-R%22%2C%22eid%22%3A%22ARA3yFAubT6qAAICNnNmvjWuQ9m6eSsRyfHEjo5STyzP3yTQZYOMr6fLSA5whv5dwncaRbbTCfObccq1%22%2C%22fref%22%3A%22mentions%22%7D\" data-hovercard-prefer-more-content-show=\"1\">Les T\u00e9tines Noires<\/a>. Le Rep\u00e8re. Calais (FR)<\/p>\n<p><span style=\"color: #999999;\">NOV 1:\u00a0 Body of Light + Les T\u00e9tines Noires + Drab Majesty\u00a0 &#8211; <a style=\"color: #999999;\" href=\"https:\/\/www.facebook.com\/events\/492706424601911\/\" target=\"_blank\" rel=\"noopener noreferrer\">Martigny<\/a> (CH)<\/span><\/p>\n<p><span style=\"color: #999999;\">MAI 26 Perturbator \/ Les T\u00e9tines Noires \/ Horskh<\/span><br \/>\n<span style=\"color: #999999;\"><a style=\"color: #999999;\" href=\"https:\/\/www.facebook.com\/events\/204970196767891\/\" target=\"_blank\" rel=\"noopener noreferrer\">Le 106 &#8211; Rouen<\/a><\/span><\/p>\n<p><span style=\"color: #999999;\">JUN 1 Complet \u00b7 Les T\u00e9tines Noires \/ FGO-Barbara<\/span><br \/>\n<span style=\"color: #999999;\"><a style=\"color: #999999;\" href=\"https:\/\/www.facebook.com\/events\/158897074937860\/\" target=\"_blank\" rel=\"noopener noreferrer\">FGO-Barbara &#8211; Paris<\/a>\u00a0(<a style=\"color: #999999;\" href=\"http:\/\/www.live-shots.net\/les-tetines-noires-fgo-barbara-paris-2018-06-01-235\" target=\"_blank\" rel=\"noopener noreferrer\">Photos &gt;&gt;<\/a>)<\/span><\/p>\n<p><span style=\"color: #999999;\">JUN 8 WHAT the Fest?!#3 (34) &#8211; Sous les Pav\u00e9s, la Plage<\/span><br \/>\n<span style=\"color: #999999;\"><a style=\"color: #999999;\" href=\"https:\/\/www.facebook.com\/events\/172336416867570\/\" target=\"_blank\" rel=\"noopener noreferrer\">Espace &#8221; La Cadoule &#8221; &#8211; Vendargues<\/a><\/span><\/p>\n<p><span style=\"color: #999999;\">JUN 29 La Colonie de Vacances, Maulw\u00fcrfe, Les Tetines Noires, and more<\/span><br \/>\n<span style=\"color: #999999;\"><a style=\"color: #999999;\" href=\"https:\/\/www.facebook.com\/events\/443420229448492\" target=\"_blank\" rel=\"noopener noreferrer\">L&#8217;A\u00e9ronef &#8211; Lille<\/a><\/span><\/p>\n<p><span style=\"color: #999999;\">2018<\/span><br \/>\n<span style=\"color: #999999;\">OCT 20 <a style=\"color: #999999;\" href=\"https:\/\/www.facebook.com\/petitbain\/\" target=\"_blank\" rel=\"noopener noreferrer\">Petit Bain<\/a> (Paris) avec Dear Deer<\/span><br \/>\n<span style=\"color: #999999;\">(<a style=\"color: #999999;\" href=\"https:\/\/www.weezevent.com\/les-tetines-noires-guest\" target=\"_blank\" rel=\"noopener noreferrer\">Tickets<\/a>)<\/span>","protected":false},"excerpt":{"rendered":"<p>[:fr]NOV 24:\u00a0 The Young Gods + Les T\u00e9tines Noires - La Machine du Moulin Rouge (Paris) (Tickets)<br>NOV 15: Les T\u00e9tines Noires + Alk-A-Line - L'Entrep\u00f4t Arlon (B)<br>NOV. 14 Les T\u00e9tines Noires. Le Rep\u00e8re. Calais (FR)<br>NOV 1:\u00a0 Body of Light + Les T\u00e9tines Noires + Drab Majesty\u00a0 - Martigny (CH)<br>MAI 26 Perturbator \/ Les T\u00e9tines Noires \/ Horskh<br>Le 106 - Rouen&hellip;<\/p>","protected":false},"author":1,"featured_media":11163,"comment_status":"closed","ping_status":"closed","sticky":false,"template":"","format":"standard","meta":{"footnotes":""},"categories":[1315],"tags":[1328],"class_list":{"0":"post-8596","1":"post","2":"type-post","3":"status-publish","4":"format-standard","5":"has-post-thumbnail","6":"hentry","7":"category-concerts","8":"tag-les-tetines-noires","10":"post-with-thumbnail","11":"post-with-thumbnail-icon"},"_links":{"self":[{"href":"https:\/\/www.manicdepression.fr\/en\/wp-json\/wp\/v2\/posts\/8596","targetHints":{"allow":["GET"]}}],"collection":[{"href":"https:\/\/www.manicdepression.fr\/en\/wp-json\/wp\/v2\/posts"}],"about":[{"href":"https:\/\/www.manicdepression.fr\/en\/wp-json\/wp\/v2\/types\/post"}],"author":[{"embeddable":true,"href":"https:\/\/www.manicdepression.fr\/en\/wp-json\/wp\/v2\/users\/1"}],"replies":[{"embeddable":true,"href":"https:\/\/www.manicdepression.fr\/en\/wp-json\/wp\/v2\/comments?post=8596"}],"version-history":[{"count":0,"href":"https:\/\/www.manicdepression.fr\/en\/wp-json\/wp\/v2\/posts\/8596\/revisions"}],"wp:featuredmedia":[{"embeddable":true,"href":"https:\/\/www.manicdepression.fr\/en\/wp-json\/wp\/v2\/media\/11163"}],"wp:attachment":[{"href":"https:\/\/www.manicdepression.fr\/en\/wp-json\/wp\/v2\/media?parent=8596"}],"wp:term":[{"taxonomy":"category","embeddable":true,"href":"https:\/\/www.manicdepression.fr\/en\/wp-json\/wp\/v2\/categories?post=8596"},{"taxonomy":"post_tag","embeddable":true,"href":"https:\/\/www.manicdepression.fr\/en\/wp-json\/wp\/v2\/tags?post=8596"}],"curies":[{"name":"wp","href":"https:\/\/api.w.org\/{rel}","templated":true}]}}